{"id":3213,"date":"2016-10-25T16:52:06","date_gmt":"2016-10-25T16:52:06","guid":{"rendered":"https:\/\/www.mpvc.pt\/fr\/escolher-o-melhor-vidro-para-janelas-pvc\/"},"modified":"2019-10-29T17:29:37","modified_gmt":"2019-10-29T17:29:37","slug":"choisissez-le-meilleur-vitrage-pour-vos-fenetres-pvc","status":"publish","type":"post","link":"https:\/\/www.mpvc.pt\/fr\/choisissez-le-meilleur-vitrage-pour-vos-fenetres-pvc\/","title":{"rendered":"Choisissez le meilleur vitrage pour vos Fen\u00eatres PVC"},"content":{"rendered":"<h4>Environ 80% des fen\u00eatres sont en verre et c&#8217;est l&#8217;\u00e9l\u00e9ment le plus fragile des fa\u00e7ades. Apprenez \u00e0 le choisir.<\/h4>\n<p><!--more--><\/p>\n<p>Savoir choisir le vitrage de vos fen\u00eatres est essentiel pour augmenter le confort thermique et acoustique ainsi que la s\u00e9curit\u00e9 des maisons et autres b\u00e2timents. Diff\u00e9rents types de vitrages s&#8217;adaptent aux diff\u00e9rents besoins et techniques d&#8217;installation.<\/p>\n<p>&nbsp;<\/p>\n<h2>Diff\u00e9rents vitrages pour diff\u00e9rentes situations<\/h2>\n<p>Savoir choisir le vitrage de vos fen\u00eatres est essentiel pour augmenter le confort thermique et acoustique ainsi que la s\u00e9curit\u00e9 des maisons et autres b\u00e2timents. Le choix du vitrage \u00e0 utiliser dans vos fen\u00eatres est extr\u00eamement important car diff\u00e9rents types de vitrage s&#8217;adaptent aux diff\u00e9rents besoins et techniques d&#8217;installation.<\/p>\n<p>Il n&#8217;y a pas de vitrage juste dans l&#8217;abstrait; la s\u00e9lection doit \u00eatre faite par rapport aux besoins et fonctions de chaque b\u00e2timent, de la localisation g\u00e9ographique et de l&#8217;orientation des fa\u00e7ades. Bien entendu, la l\u00e9gislation en vigueur devra \u00e9galement \u00eatre prise en compte car l&#8217;utilisation de certains types de vitrages peut m\u00eame \u00eatre obligatoire dans certains projets, par exemple dans des b\u00e2timents \u00e0 grande surface vitr\u00e9e o\u00f9 des vitrages feuillet\u00e9s et \/ ou tremp\u00e9s sont normalement install\u00e9s et les portes coupe-feu contiennent un vitrage sp\u00e9cial non combustible.<\/p>\n<p>&nbsp;<\/p>\n<h2>Choisir le vitrage en fonction des objectifs \u00e0 atteindre<\/h2>\n<p>Il y a grande vari\u00e9t\u00e9 de types de vitrage\u00a0:<\/p>\n<ul>\n<li>Le vitrage standard, signal\u00e9 &#8220;normal&#8221;.<\/li>\n<li>Vitrage de s\u00e9curit\u00e9: feuillet\u00e9, tremp\u00e9, arm\u00e9, coupe-feu et anti-\u00e9clats.<\/li>\n<li>Vitrage efficace en \u00e9nergie: double, triple, faible \u00e9missivit\u00e9, contr\u00f4le solaire.<\/li>\n<li>Vitrages sp\u00e9ciaux: miroir, autonettoyant, visibilit\u00e9 r\u00e9duite.<\/li>\n<\/ul>\n<p>&nbsp;<\/p>\n<p>D\u00e9velopper les caract\u00e9ristiques de chacun de ces types de verre en particulier serait un exercice ext\u00e9nuant et ce n&#8217;est pas notre objectif dans cet article. Cependant, voici nos recommandations de vitrages pour quatre objectifs diff\u00e9rents. Le choix du vitrage id\u00e9al sera bas\u00e9 sur la hi\u00e9rarchisation de chacun d&#8217;entre eux, et il convient \u00e9galement de noter que les caract\u00e9ristiques et l&#8217;utilisation des b\u00e2timents doivent \u00e9galement \u00eatre prises en compte.<\/p>\n<p>&nbsp;<\/p>\n<h5>Objectif 1: Confort en Hiver<\/h5>\n<p>Nous savons que vous recherchez le plus grand confort possible en hiver, que ce soit \u00e0 la maison ou dans un environnement ardu du bureau. Choisir le bon vitrage est tr\u00e8s important pour pouvoir atteindre ce confort.<\/p>\n<p>Optez pour un double vitrage \u00e0 faible \u00e9missivit\u00e9, qui permet d&#8217;obtenir une isolation thermique renforc\u00e9e jusqu&#8217;\u00e0 3 fois sup\u00e9rieure \u00e0 celle d&#8217;un vitrage normal, en maintenant une excellente transmission lumineuse.<\/p>\n<p><em>\u00a0<\/em><\/p>\n<h5>Objectif 2: Confort en \u00c9t\u00e9<\/h5>\n<p>Si votre objectif prioritaire est de r\u00e9duire la chaleur qui p\u00e9n\u00e8tre \u00e0 travers des fen\u00eatres et chauffe l&#8217;environnement int\u00e9rieur du b\u00e2timent, surtout si les fa\u00e7ades sont orient\u00e9es vers le sud, choisissez un double vitrage d&#8217;isolation thermique renforc\u00e9e \u00e0 haut contr\u00f4le solaire, qui r\u00e9duira de plus de 50% entr\u00e9e de chaleur.<\/p>\n<p>&nbsp;<\/p>\n<h5>Objectif 3: Protection contre le bruit<\/h5>\n<p>Une exp\u00e9rience de plus en plus urbaine et bruyante se traduit par la n\u00e9cessit\u00e9 de cr\u00e9er des produits permettant de perfectionner l&#8217;insonorisation des espaces int\u00e9rieurs et par cons\u00e9quent de r\u00e9duire les nuisances sonores pour optimiser les conditions de repos ou de travail.<\/p>\n<p>Si tel est l&#8217;objectif essentiel \u00e0 atteindre, choisissez le vitrage feuillet\u00e9 acoustique et de s\u00e9curit\u00e9, Il est compos\u00e9 de deux ou plusieurs feuilles de verres assembl\u00e9es au moyen d\u2019un ou plusieurs films de butyral de polyvinyl acoustique. En plus du bruit ext\u00e9rieur, il att\u00e9nue efficacement le bruit des gouttes de pluie sur les fen\u00eatres.<\/p>\n<p>&nbsp;<\/p>\n<h5>Objectif 4: \u00c9conomie d&#8217;\u00e9nergie<\/h5>\n<p>Les \u00e9conomies d&#8217;\u00e9nergie sont directement li\u00e9es \u00e0 l&#8217;efficacit\u00e9 thermique des fen\u00eatres et au choix du vitrage, facteurs qui refl\u00e8tent directement votre facture d&#8217;\u00e9lectricit\u00e9 et contribuent \u00e0 l&#8217;att\u00e9nuation ou \u00e0 l&#8217;aggravation de votre empreinte \u00e9cologique.<\/p>\n<p>Pour r\u00e9duire les co\u00fbts d&#8217;\u00e9nergie, optez pour un double ou triple vitrage dans lequel l&#8217;un des verres est rev\u00eatu d\u2019une fine couche transparente \u00e0 faible \u00e9missivit\u00e9. En hiver, cette couche retient la chaleur \u00e0 l&#8217;int\u00e9rieur de l\u2019habitation; en \u00e9t\u00e9, att\u00e9nue son entr\u00e9e.<\/p>\n<p>&nbsp;<\/p>\n<p>Pour obtenir un appui sp\u00e9cialis\u00e9 dans le choix du vitrage pour vos fen\u00eatres PVC, contactez notre \u00e9quipe.<\/p>\n<p>&nbsp;<\/p>\n","protected":false},"excerpt":{"rendered":"<p>Environ 80% des fen\u00eatres sont en verre et c&#8217;est l&#8217;\u00e9l\u00e9ment le plus fragile des fa\u00e7ades. Apprenez \u00e0 le choisir.<\/p>\n","protected":false},"author":5,"featured_media":2940,"comment_status":"open","ping_status":"open","sticky":false,"template":"","format":"standard","meta":{"_mi_skip_tracking":false,"_monsterinsights_sitenote_active":false,"_monsterinsights_sitenote_note":"","_monsterinsights_sitenote_category":0},"categories":[54,55],"tags":[],"yoast_head":"<!-- This site is optimized with the Yoast SEO plugin v19.4 - https:\/\/yoast.com\/wordpress\/plugins\/seo\/ -->\n<title>Choisissez le meilleur vitrage pour vos Fen\u00eatres PVC - MPVC<\/title>\n<meta name=\"robots\" content=\"index, follow, max-snippet:-1, max-image-preview:large, max-video-preview:-1\" \/>\n<link rel=\"canonical\" href=\"https:\/\/www.mpvc.pt\/fr\/choisissez-le-meilleur-vitrage-pour-vos-fenetres-pvc\/\" \/>\n<meta property=\"og:locale\" content=\"fr_FR\" \/>\n<meta property=\"og:type\" content=\"article\" \/>\n<meta property=\"og:title\" content=\"Choisissez le meilleur vitrage pour vos Fen\u00eatres PVC - MPVC\" \/>\n<meta property=\"og:description\" content=\"Environ 80% des fen\u00eatres sont en verre et c&#8217;est l&#8217;\u00e9l\u00e9ment le plus fragile des fa\u00e7ades. Apprenez \u00e0 le choisir.\" \/>\n<meta property=\"og:url\" content=\"https:\/\/www.mpvc.pt\/fr\/choisissez-le-meilleur-vitrage-pour-vos-fenetres-pvc\/\" \/>\n<meta property=\"og:site_name\" content=\"MPVC\" \/>\n<meta property=\"article:published_time\" content=\"2016-10-25T16:52:06+00:00\" \/>\n<meta property=\"article:modified_time\" content=\"2019-10-29T17:29:37+00:00\" \/>\n<meta property=\"og:image\" content=\"https:\/\/www.mpvc.pt\/wp-content\/uploads\/2016\/10\/vidro-janelas-pvc.jpg\" \/>\n\t<meta property=\"og:image:width\" content=\"950\" \/>\n\t<meta property=\"og:image:height\" content=\"594\" \/>\n\t<meta property=\"og:image:type\" content=\"image\/jpeg\" \/>\n<meta name=\"author\" content=\"MPVC\" \/>\n<meta name=\"twitter:card\" content=\"summary\" \/>\n<meta name=\"twitter:label1\" content=\"\u00c9crit par\" \/>\n\t<meta name=\"twitter:data1\" content=\"MPVC\" \/>\n\t<meta name=\"twitter:label2\" content=\"Dur\u00e9e de lecture estim\u00e9e\" \/>\n\t<meta name=\"twitter:data2\" content=\"4 minutes\" \/>\n<script type=\"application\/ld+json\" class=\"yoast-schema-graph\">{\"@context\":\"https:\/\/schema.org\",\"@graph\":[{\"@type\":\"WebSite\",\"@id\":\"https:\/\/www.mpvc.pt\/#website\",\"url\":\"https:\/\/www.mpvc.pt\/\",\"name\":\"MPVC\",\"description\":\"Janelas PVC\",\"potentialAction\":[{\"@type\":\"SearchAction\",\"target\":{\"@type\":\"EntryPoint\",\"urlTemplate\":\"https:\/\/www.mpvc.pt\/?s={search_term_string}\"},\"query-input\":\"required name=search_term_string\"}],\"inLanguage\":\"fr-FR\"},{\"@type\":\"WebPage\",\"@id\":\"https:\/\/www.mpvc.pt\/fr\/choisissez-le-meilleur-vitrage-pour-vos-fenetres-pvc\/\",\"url\":\"https:\/\/www.mpvc.pt\/fr\/choisissez-le-meilleur-vitrage-pour-vos-fenetres-pvc\/\",\"name\":\"Choisissez le meilleur vitrage pour vos Fen\u00eatres PVC - MPVC\",\"isPartOf\":{\"@id\":\"https:\/\/www.mpvc.pt\/#website\"},\"datePublished\":\"2016-10-25T16:52:06+00:00\",\"dateModified\":\"2019-10-29T17:29:37+00:00\",\"author\":{\"@id\":\"https:\/\/www.mpvc.pt\/#\/schema\/person\/4e60084a7915d6d38bc816bbeed79256\"},\"breadcrumb\":{\"@id\":\"https:\/\/www.mpvc.pt\/fr\/choisissez-le-meilleur-vitrage-pour-vos-fenetres-pvc\/#breadcrumb\"},\"inLanguage\":\"fr-FR\",\"potentialAction\":[{\"@type\":\"ReadAction\",\"target\":[\"https:\/\/www.mpvc.pt\/fr\/choisissez-le-meilleur-vitrage-pour-vos-fenetres-pvc\/\"]}]},{\"@type\":\"BreadcrumbList\",\"@id\":\"https:\/\/www.mpvc.pt\/fr\/choisissez-le-meilleur-vitrage-pour-vos-fenetres-pvc\/#breadcrumb\",\"itemListElement\":[{\"@type\":\"ListItem\",\"position\":1,\"name\":\"In\u00edcio\",\"item\":\"https:\/\/www.mpvc.pt\/fr\/\"},{\"@type\":\"ListItem\",\"position\":2,\"name\":\"Choisissez le meilleur vitrage pour vos Fen\u00eatres PVC\"}]},{\"@type\":\"Person\",\"@id\":\"https:\/\/www.mpvc.pt\/#\/schema\/person\/4e60084a7915d6d38bc816bbeed79256\",\"name\":\"MPVC\",\"image\":{\"@type\":\"ImageObject\",\"inLanguage\":\"fr-FR\",\"@id\":\"https:\/\/www.mpvc.pt\/#\/schema\/person\/image\/\",\"url\":\"https:\/\/secure.gravatar.com\/avatar\/a72608e102be62e22769f18c2f21f12b?s=96&d=mm&r=g\",\"contentUrl\":\"https:\/\/secure.gravatar.com\/avatar\/a72608e102be62e22769f18c2f21f12b?s=96&d=mm&r=g\",\"caption\":\"MPVC\"}}]}<\/script>\n<!-- \/ Yoast SEO plugin. -->","yoast_head_json":{"title":"Choisissez le meilleur vitrage pour vos Fen\u00eatres PVC - MPVC","robots":{"index":"index","follow":"follow","max-snippet":"max-snippet:-1","max-image-preview":"max-image-preview:large","max-video-preview":"max-video-preview:-1"},"canonical":"https:\/\/www.mpvc.pt\/fr\/choisissez-le-meilleur-vitrage-pour-vos-fenetres-pvc\/","og_locale":"fr_FR","og_type":"article","og_title":"Choisissez le meilleur vitrage pour vos Fen\u00eatres PVC - MPVC","og_description":"Environ 80% des fen\u00eatres sont en verre et c&#8217;est l&#8217;\u00e9l\u00e9ment le plus fragile des fa\u00e7ades. Apprenez \u00e0 le choisir.","og_url":"https:\/\/www.mpvc.pt\/fr\/choisissez-le-meilleur-vitrage-pour-vos-fenetres-pvc\/","og_site_name":"MPVC","article_published_time":"2016-10-25T16:52:06+00:00","article_modified_time":"2019-10-29T17:29:37+00:00","og_image":[{"width":950,"height":594,"url":"https:\/\/www.mpvc.pt\/wp-content\/uploads\/2016\/10\/vidro-janelas-pvc.jpg","type":"image\/jpeg"}],"author":"MPVC","twitter_card":"summary","twitter_misc":{"\u00c9crit par":"MPVC","Dur\u00e9e de lecture estim\u00e9e":"4 minutes"},"schema":{"@context":"https:\/\/schema.org","@graph":[{"@type":"WebSite","@id":"https:\/\/www.mpvc.pt\/#website","url":"https:\/\/www.mpvc.pt\/","name":"MPVC","description":"Janelas PVC","potentialAction":[{"@type":"SearchAction","target":{"@type":"EntryPoint","urlTemplate":"https:\/\/www.mpvc.pt\/?s={search_term_string}"},"query-input":"required name=search_term_string"}],"inLanguage":"fr-FR"},{"@type":"WebPage","@id":"https:\/\/www.mpvc.pt\/fr\/choisissez-le-meilleur-vitrage-pour-vos-fenetres-pvc\/","url":"https:\/\/www.mpvc.pt\/fr\/choisissez-le-meilleur-vitrage-pour-vos-fenetres-pvc\/","name":"Choisissez le meilleur vitrage pour vos Fen\u00eatres PVC - MPVC","isPartOf":{"@id":"https:\/\/www.mpvc.pt\/#website"},"datePublished":"2016-10-25T16:52:06+00:00","dateModified":"2019-10-29T17:29:37+00:00","author":{"@id":"https:\/\/www.mpvc.pt\/#\/schema\/person\/4e60084a7915d6d38bc816bbeed79256"},"breadcrumb":{"@id":"https:\/\/www.mpvc.pt\/fr\/choisissez-le-meilleur-vitrage-pour-vos-fenetres-pvc\/#breadcrumb"},"inLanguage":"fr-FR","potentialAction":[{"@type":"ReadAction","target":["https:\/\/www.mpvc.pt\/fr\/choisissez-le-meilleur-vitrage-pour-vos-fenetres-pvc\/"]}]},{"@type":"BreadcrumbList","@id":"https:\/\/www.mpvc.pt\/fr\/choisissez-le-meilleur-vitrage-pour-vos-fenetres-pvc\/#breadcrumb","itemListElement":[{"@type":"ListItem","position":1,"name":"In\u00edcio","item":"https:\/\/www.mpvc.pt\/fr\/"},{"@type":"ListItem","position":2,"name":"Choisissez le meilleur vitrage pour vos Fen\u00eatres PVC"}]},{"@type":"Person","@id":"https:\/\/www.mpvc.pt\/#\/schema\/person\/4e60084a7915d6d38bc816bbeed79256","name":"MPVC","image":{"@type":"ImageObject","inLanguage":"fr-FR","@id":"https:\/\/www.mpvc.pt\/#\/schema\/person\/image\/","url":"https:\/\/secure.gravatar.com\/avatar\/a72608e102be62e22769f18c2f21f12b?s=96&d=mm&r=g","contentUrl":"https:\/\/secure.gravatar.com\/avatar\/a72608e102be62e22769f18c2f21f12b?s=96&d=mm&r=g","caption":"MPVC"}}]}},"_links":{"self":[{"href":"https:\/\/www.mpvc.pt\/fr\/wp-json\/wp\/v2\/posts\/3213"}],"collection":[{"href":"https:\/\/www.mpvc.pt\/fr\/wp-json\/wp\/v2\/posts"}],"about":[{"href":"https:\/\/www.mpvc.pt\/fr\/wp-json\/wp\/v2\/types\/post"}],"author":[{"embeddable":true,"href":"https:\/\/www.mpvc.pt\/fr\/wp-json\/wp\/v2\/users\/5"}],"replies":[{"embeddable":true,"href":"https:\/\/www.mpvc.pt\/fr\/wp-json\/wp\/v2\/comments?post=3213"}],"version-history":[{"count":2,"href":"https:\/\/www.mpvc.pt\/fr\/wp-json\/wp\/v2\/posts\/3213\/revisions"}],"predecessor-version":[{"id":3220,"href":"https:\/\/www.mpvc.pt\/fr\/wp-json\/wp\/v2\/posts\/3213\/revisions\/3220"}],"wp:featuredmedia":[{"embeddable":true,"href":"https:\/\/www.mpvc.pt\/fr\/wp-json\/wp\/v2\/media\/2940"}],"wp:attachment":[{"href":"https:\/\/www.mpvc.pt\/fr\/wp-json\/wp\/v2\/media?parent=3213"}],"wp:term":[{"taxonomy":"category","embeddable":true,"href":"https:\/\/www.mpvc.pt\/fr\/wp-json\/wp\/v2\/categories?post=3213"},{"taxonomy":"post_tag","embeddable":true,"href":"https:\/\/www.mpvc.pt\/fr\/wp-json\/wp\/v2\/tags?post=3213"}],"curies":[{"name":"wp","href":"https:\/\/api.w.org\/{rel}","templated":true}]}}